{"id":1580,"date":"2023-07-29T10:15:25","date_gmt":"2023-07-29T10:15:25","guid":{"rendered":"https:\/\/www.fondazionecarmelitane.it\/?p=1580"},"modified":"2023-07-29T10:38:20","modified_gmt":"2023-07-29T10:38:20","slug":"1-caffe-per-le-missioni","status":"publish","type":"post","link":"https:\/\/www.fondazionecarmelitane.it\/?p=1580","title":{"rendered":"1 Caff\u00e8 per le Missioni"},"content":{"rendered":"\n<p>Cari benefattori,<br>Siamo felici di informarvi che siamo stati scelti per una delle campagne di raccolta fondi da &#8220;1 Caff\u00e8 Onlus&#8221;, un&#8217;organizzazione senza scopo di lucro che supporta progetti di assistenza a molte situazioni critiche, in Italia e nel mondo. <\/p>\n\n\n\n<p>Nella settimana dal 7 agosto 2023 il nostro progetto per l&#8217;alfabetizzazione, promossa dalla missione dell&#8217;Ilanivato in Madagascar, verr\u00e0 pubblicato sulla piattaforma di crowdfunding e sar\u00e0 possibile donare &#8220;un caff\u00e8 \u20ac1&#8221;,  &#8220;una colazione \u20ac5&#8221; o qualsiasi altro importo nella sezione DONA ADESSO tramite bonifico bancario carta di credito carta prepagata Satispay o PayPal. <\/p>\n\n\n\n<p>Speriamo che questa iniziativa possa arrivarvi al cuore cos\u00ec da poter aiutare le suore missionarie di Ilanivato in questo progetto cos\u00ec importante e impegnativo. Vi ringraziamo fin d&#8217;ora per questo che farete e cogliamo l&#8217;occasione per augurarvi serene vacanze e tanto bene a voi e alle vostre famiglie.<\/p>\n\n\n\n<ul class=\"wp-block-list\">\n<li><strong>Carta di credito, carta di debito, PayPal e mobile payment<\/strong>&nbsp;a&nbsp;<a href=\"https:\/\/dona.1caffe.org\/\">https:\/\/dona.1caffe.org<\/a><\/li>\n\n\n\n<li><strong>Satispay<\/strong>&nbsp;a&nbsp;<a href=\"https:\/\/tag.satispay.com\/1caffebutton\">https:\/\/tag.satispay.com\/1caffebutton<\/a><\/li>\n\n\n\n<li><strong>Bonifico bancario&nbsp; a&nbsp;<\/strong>IBAN: IT41 Y030 4801 0000 0000 0095 553 | Intestato a: 1 CAFFE\u2019 \u2013 ETS | Causale: Donazione a sostegno di&nbsp;<strong>Fondazione Missioni Suore Carmelitane di S. Teresa di Torino <\/strong><\/li>\n<\/ul>\n\n\n\n<p>Cari saluti da tutta la Fondazione<\/p>\n\n\n\n<p><a href=\"http:\/\/www.fondazionecarmelitane.it\/wp-content\/uploads\/2023\/07\/8386abb8d2ff8f4acc4e123f66e561d1b2fd5e3d.pdf\" target=\"_blank\" rel=\"noreferrer noopener\">presentazione del 1Caff\u00e8 Onlus qui <\/a><\/p>\n\n\n\n<p><a href=\"http:\/\/www.fondazionecarmelitane.it\/wp-content\/uploads\/2022\/11\/Ilanivato-Progetto-per-lanalfabetizzazione-corretto.pdf\" target=\"_blank\" rel=\"noreferrer noopener\">Progetto per l&#8217;alfabetizzazione qui<\/a><\/p>\n\n\n\n<figure class=\"wp-block-gallery has-nested-images columns-default is-cropped wp-block-gallery-1 is-layout-flex wp-block-gallery-is-layout-flex\">\n<figure class=\"wp-block-image size-large\"><img loading=\"lazy\" decoding=\"async\" width=\"1024\" height=\"1024\" data-id=\"1585\" src=\"https:\/\/www.fondazionecarmelitane.it\/wp-content\/uploads\/2023\/07\/GRAFICA-2H-1024x1024.png\" alt=\"\" class=\"wp-image-1585\" srcset=\"https:\/\/www.fondazionecarmelitane.it\/wp-content\/uploads\/2023\/07\/GRAFICA-2H-1024x1024.png 1024w, https:\/\/www.fondazionecarmelitane.it\/wp-content\/uploads\/2023\/07\/GRAFICA-2H-300x300.png 300w, https:\/\/www.fondazionecarmelitane.it\/wp-content\/uploads\/2023\/07\/GRAFICA-2H-150x150.png 150w, https:\/\/www.fondazionecarmelitane.it\/wp-content\/uploads\/2023\/07\/GRAFICA-2H-768x768.png 768w, https:\/\/www.fondazionecarmelitane.it\/wp-content\/uploads\/2023\/07\/GRAFICA-2H-320x320.png 320w, https:\/\/www.fondazionecarmelitane.it\/wp-content\/uploads\/2023\/07\/GRAFICA-2H-480x480.png 480w, https:\/\/www.fondazionecarmelitane.it\/wp-content\/uploads\/2023\/07\/GRAFICA-2H-800x800.png 800w, https:\/\/www.fondazionecarmelitane.it\/wp-content\/uploads\/2023\/07\/GRAFICA-2H.png 1080w\" sizes=\"auto, (max-width: 1024px) 100vw, 1024px\" \/><\/figure>\n\n\n\n<figure class=\"wp-block-image size-large\"><img loading=\"lazy\" decoding=\"async\" width=\"1024\" height=\"1024\" data-id=\"1586\" src=\"https:\/\/www.fondazionecarmelitane.it\/wp-content\/uploads\/2023\/07\/GRAFICA-2G-1024x1024.png\" alt=\"\" class=\"wp-image-1586\" srcset=\"https:\/\/www.fondazionecarmelitane.it\/wp-content\/uploads\/2023\/07\/GRAFICA-2G-1024x1024.png 1024w, https:\/\/www.fondazionecarmelitane.it\/wp-content\/uploads\/2023\/07\/GRAFICA-2G-300x300.png 300w, https:\/\/www.fondazionecarmelitane.it\/wp-content\/uploads\/2023\/07\/GRAFICA-2G-150x150.png 150w, https:\/\/www.fondazionecarmelitane.it\/wp-content\/uploads\/2023\/07\/GRAFICA-2G-768x768.png 768w, https:\/\/www.fondazionecarmelitane.it\/wp-content\/uploads\/2023\/07\/GRAFICA-2G-320x320.png 320w, https:\/\/www.fondazionecarmelitane.it\/wp-content\/uploads\/2023\/07\/GRAFICA-2G-480x480.png 480w, https:\/\/www.fondazionecarmelitane.it\/wp-content\/uploads\/2023\/07\/GRAFICA-2G-800x800.png 800w, https:\/\/www.fondazionecarmelitane.it\/wp-content\/uploads\/2023\/07\/GRAFICA-2G.png 1080w\" sizes=\"auto, (max-width: 1024px) 100vw, 1024px\" \/><\/figure>\n\n\n\n<figure class=\"wp-block-image size-large\"><img loading=\"lazy\" decoding=\"async\" width=\"1024\" height=\"1024\" data-id=\"1587\" src=\"https:\/\/www.fondazionecarmelitane.it\/wp-content\/uploads\/2023\/07\/GRAFICA-2F-1024x1024.png\" alt=\"\" class=\"wp-image-1587\" srcset=\"https:\/\/www.fondazionecarmelitane.it\/wp-content\/uploads\/2023\/07\/GRAFICA-2F-1024x1024.png 1024w, https:\/\/www.fondazionecarmelitane.it\/wp-content\/uploads\/2023\/07\/GRAFICA-2F-300x300.png 300w, https:\/\/www.fondazionecarmelitane.it\/wp-content\/uploads\/2023\/07\/GRAFICA-2F-150x150.png 150w, https:\/\/www.fondazionecarmelitane.it\/wp-content\/uploads\/2023\/07\/GRAFICA-2F-768x768.png 768w, https:\/\/www.fondazionecarmelitane.it\/wp-content\/uploads\/2023\/07\/GRAFICA-2F-320x320.png 320w, https:\/\/www.fondazionecarmelitane.it\/wp-content\/uploads\/2023\/07\/GRAFICA-2F-480x480.png 480w, https:\/\/www.fondazionecarmelitane.it\/wp-content\/uploads\/2023\/07\/GRAFICA-2F-800x800.png 800w, https:\/\/www.fondazionecarmelitane.it\/wp-content\/uploads\/2023\/07\/GRAFICA-2F.png 1080w\" sizes=\"auto, (max-width: 1024px) 100vw, 1024px\" \/><\/figure>\n\n\n\n<figure class=\"wp-block-image size-large\"><img loading=\"lazy\" decoding=\"async\" width=\"1024\" height=\"1024\" data-id=\"1588\" src=\"https:\/\/www.fondazionecarmelitane.it\/wp-content\/uploads\/2023\/07\/GRAFICA-2E-1024x1024.png\" alt=\"\" class=\"wp-image-1588\" srcset=\"https:\/\/www.fondazionecarmelitane.it\/wp-content\/uploads\/2023\/07\/GRAFICA-2E-1024x1024.png 1024w, https:\/\/www.fondazionecarmelitane.it\/wp-content\/uploads\/2023\/07\/GRAFICA-2E-300x300.png 300w, https:\/\/www.fondazionecarmelitane.it\/wp-content\/uploads\/2023\/07\/GRAFICA-2E-150x150.png 150w, https:\/\/www.fondazionecarmelitane.it\/wp-content\/uploads\/2023\/07\/GRAFICA-2E-768x768.png 768w, https:\/\/www.fondazionecarmelitane.it\/wp-content\/uploads\/2023\/07\/GRAFICA-2E-320x320.png 320w, https:\/\/www.fondazionecarmelitane.it\/wp-content\/uploads\/2023\/07\/GRAFICA-2E-480x480.png 480w, https:\/\/www.fondazionecarmelitane.it\/wp-content\/uploads\/2023\/07\/GRAFICA-2E-800x800.png 800w, https:\/\/www.fondazionecarmelitane.it\/wp-content\/uploads\/2023\/07\/GRAFICA-2E.png 1080w\" sizes=\"auto, (max-width: 1024px) 100vw, 1024px\" \/><\/figure>\n\n\n\n<figure class=\"wp-block-image size-large\"><img loading=\"lazy\" decoding=\"async\" width=\"1024\" height=\"1024\" data-id=\"1589\" src=\"https:\/\/www.fondazionecarmelitane.it\/wp-content\/uploads\/2023\/07\/GRAFICA-2D-1024x1024.png\" alt=\"\" class=\"wp-image-1589\" srcset=\"https:\/\/www.fondazionecarmelitane.it\/wp-content\/uploads\/2023\/07\/GRAFICA-2D-1024x1024.png 1024w, https:\/\/www.fondazionecarmelitane.it\/wp-content\/uploads\/2023\/07\/GRAFICA-2D-300x300.png 300w, https:\/\/www.fondazionecarmelitane.it\/wp-content\/uploads\/2023\/07\/GRAFICA-2D-150x150.png 150w, https:\/\/www.fondazionecarmelitane.it\/wp-content\/uploads\/2023\/07\/GRAFICA-2D-768x768.png 768w, https:\/\/www.fondazionecarmelitane.it\/wp-content\/uploads\/2023\/07\/GRAFICA-2D-320x320.png 320w, https:\/\/www.fondazionecarmelitane.it\/wp-content\/uploads\/2023\/07\/GRAFICA-2D-480x480.png 480w, https:\/\/www.fondazionecarmelitane.it\/wp-content\/uploads\/2023\/07\/GRAFICA-2D-800x800.png 800w, https:\/\/www.fondazionecarmelitane.it\/wp-content\/uploads\/2023\/07\/GRAFICA-2D.png 1080w\" sizes=\"auto, (max-width: 1024px) 100vw, 1024px\" \/><\/figure>\n\n\n\n<figure class=\"wp-block-image size-large\"><img loading=\"lazy\" decoding=\"async\" width=\"1024\" height=\"1024\" data-id=\"1590\" src=\"https:\/\/www.fondazionecarmelitane.it\/wp-content\/uploads\/2023\/07\/GRAFICA-2C-1024x1024.png\" alt=\"\" class=\"wp-image-1590\" srcset=\"https:\/\/www.fondazionecarmelitane.it\/wp-content\/uploads\/2023\/07\/GRAFICA-2C-1024x1024.png 1024w, https:\/\/www.fondazionecarmelitane.it\/wp-content\/uploads\/2023\/07\/GRAFICA-2C-300x300.png 300w, https:\/\/www.fondazionecarmelitane.it\/wp-content\/uploads\/2023\/07\/GRAFICA-2C-150x150.png 150w, https:\/\/www.fondazionecarmelitane.it\/wp-content\/uploads\/2023\/07\/GRAFICA-2C-768x768.png 768w, https:\/\/www.fondazionecarmelitane.it\/wp-content\/uploads\/2023\/07\/GRAFICA-2C-320x320.png 320w, https:\/\/www.fondazionecarmelitane.it\/wp-content\/uploads\/2023\/07\/GRAFICA-2C-480x480.png 480w, https:\/\/www.fondazionecarmelitane.it\/wp-content\/uploads\/2023\/07\/GRAFICA-2C-800x800.png 800w, https:\/\/www.fondazionecarmelitane.it\/wp-content\/uploads\/2023\/07\/GRAFICA-2C.png 1080w\" sizes=\"auto, (max-width: 1024px) 100vw, 1024px\" \/><\/figure>\n\n\n\n<figure class=\"wp-block-image size-large\"><img loading=\"lazy\" decoding=\"async\" width=\"1024\" height=\"1024\" data-id=\"1591\" src=\"https:\/\/www.fondazionecarmelitane.it\/wp-content\/uploads\/2023\/07\/GRAFICA-2B-1024x1024.png\" alt=\"\" class=\"wp-image-1591\" srcset=\"https:\/\/www.fondazionecarmelitane.it\/wp-content\/uploads\/2023\/07\/GRAFICA-2B-1024x1024.png 1024w, https:\/\/www.fondazionecarmelitane.it\/wp-content\/uploads\/2023\/07\/GRAFICA-2B-300x300.png 300w, https:\/\/www.fondazionecarmelitane.it\/wp-content\/uploads\/2023\/07\/GRAFICA-2B-150x150.png 150w, https:\/\/www.fondazionecarmelitane.it\/wp-content\/uploads\/2023\/07\/GRAFICA-2B-768x768.png 768w, https:\/\/www.fondazionecarmelitane.it\/wp-content\/uploads\/2023\/07\/GRAFICA-2B-320x320.png 320w, https:\/\/www.fondazionecarmelitane.it\/wp-content\/uploads\/2023\/07\/GRAFICA-2B-480x480.png 480w, https:\/\/www.fondazionecarmelitane.it\/wp-content\/uploads\/2023\/07\/GRAFICA-2B-800x800.png 800w, https:\/\/www.fondazionecarmelitane.it\/wp-content\/uploads\/2023\/07\/GRAFICA-2B.png 1080w\" sizes=\"auto, (max-width: 1024px) 100vw, 1024px\" \/><\/figure>\n\n\n\n<figure class=\"wp-block-image size-large\"><img loading=\"lazy\" decoding=\"async\" width=\"1024\" height=\"1024\" data-id=\"1592\" src=\"https:\/\/www.fondazionecarmelitane.it\/wp-content\/uploads\/2023\/07\/GRAFICA-2A-1024x1024.png\" alt=\"\" class=\"wp-image-1592\" srcset=\"https:\/\/www.fondazionecarmelitane.it\/wp-content\/uploads\/2023\/07\/GRAFICA-2A-1024x1024.png 1024w, https:\/\/www.fondazionecarmelitane.it\/wp-content\/uploads\/2023\/07\/GRAFICA-2A-300x300.png 300w, https:\/\/www.fondazionecarmelitane.it\/wp-content\/uploads\/2023\/07\/GRAFICA-2A-150x150.png 150w, https:\/\/www.fondazionecarmelitane.it\/wp-content\/uploads\/2023\/07\/GRAFICA-2A-768x768.png 768w, https:\/\/www.fondazionecarmelitane.it\/wp-content\/uploads\/2023\/07\/GRAFICA-2A-320x320.png 320w, https:\/\/www.fondazionecarmelitane.it\/wp-content\/uploads\/2023\/07\/GRAFICA-2A-480x480.png 480w, https:\/\/www.fondazionecarmelitane.it\/wp-content\/uploads\/2023\/07\/GRAFICA-2A-800x800.png 800w, https:\/\/www.fondazionecarmelitane.it\/wp-content\/uploads\/2023\/07\/GRAFICA-2A.png 1080w\" sizes=\"auto, (max-width: 1024px) 100vw, 1024px\" \/><\/figure>\n\n\n\n<figure class=\"wp-block-image size-large\"><img loading=\"lazy\" decoding=\"async\" width=\"1024\" height=\"1024\" data-id=\"1593\" src=\"https:\/\/www.fondazionecarmelitane.it\/wp-content\/uploads\/2023\/07\/GRAFICA-PRINCIPALE-32-DEL-2023-1-1024x1024.png\" alt=\"\" class=\"wp-image-1593\" srcset=\"https:\/\/www.fondazionecarmelitane.it\/wp-content\/uploads\/2023\/07\/GRAFICA-PRINCIPALE-32-DEL-2023-1-1024x1024.png 1024w, https:\/\/www.fondazionecarmelitane.it\/wp-content\/uploads\/2023\/07\/GRAFICA-PRINCIPALE-32-DEL-2023-1-300x300.png 300w, https:\/\/www.fondazionecarmelitane.it\/wp-content\/uploads\/2023\/07\/GRAFICA-PRINCIPALE-32-DEL-2023-1-150x150.png 150w, https:\/\/www.fondazionecarmelitane.it\/wp-content\/uploads\/2023\/07\/GRAFICA-PRINCIPALE-32-DEL-2023-1-768x768.png 768w, https:\/\/www.fondazionecarmelitane.it\/wp-content\/uploads\/2023\/07\/GRAFICA-PRINCIPALE-32-DEL-2023-1-320x320.png 320w, https:\/\/www.fondazionecarmelitane.it\/wp-content\/uploads\/2023\/07\/GRAFICA-PRINCIPALE-32-DEL-2023-1-480x480.png 480w, https:\/\/www.fondazionecarmelitane.it\/wp-content\/uploads\/2023\/07\/GRAFICA-PRINCIPALE-32-DEL-2023-1-800x800.png 800w, https:\/\/www.fondazionecarmelitane.it\/wp-content\/uploads\/2023\/07\/GRAFICA-PRINCIPALE-32-DEL-2023-1.png 1080w\" sizes=\"auto, (max-width: 1024px) 100vw, 1024px\" \/><\/figure>\n<\/figure>\n","protected":false},"excerpt":{"rendered":"<p>Cari benefattori,Siamo felici di informarvi che siamo stati scelti per una delle campagne di raccolta fondi da &#8220;1 Caff\u00e8 Onlus&#8221;, un&#8217;organizzazione senza scopo di lucro che supporta progetti di assistenza a molte situazioni critiche, in Italia e nel mondo. Nella settimana dal 7 agosto 2023 il nostro progetto per l&#8217;alfabetizzazione, promossa dalla missione dell&#8217;Ilanivato in [&hellip;]<\/p>\n","protected":false},"author":1,"featured_media":1582,"comment_status":"closed","ping_status":"open","sticky":false,"template":"","format":"standard","meta":{"footnotes":""},"categories":[4,1],"tags":[51,50,52,47],"class_list":["post-1580","post","type-post","status-publish","format-standard","has-post-thumbnail","hentry","category-fondazione","category-notizie","tag-aiuto","tag-caffe","tag-madagascar","tag-missioni"],"yoast_head":"<!-- This site is optimized with the Yoast SEO plugin v27.2 - https:\/\/yoast.com\/product\/yoast-seo-wordpress\/ -->\n<title>1 Caff\u00e8 per le Missioni -<\/title>\n<meta name=\"robots\" content=\"index, follow, max-snippet:-1, max-image-preview:large, max-video-preview:-1\" \/>\n<link rel=\"canonical\" href=\"https:\/\/www.fondazionecarmelitane.it\/?p=1580\" \/>\n<meta property=\"og:locale\" content=\"it_IT\" \/>\n<meta property=\"og:type\" content=\"article\" \/>\n<meta property=\"og:title\" content=\"1 Caff\u00e8 per le Missioni -\" \/>\n<meta property=\"og:description\" content=\"Cari benefattori,Siamo felici di informarvi che siamo stati scelti per una delle campagne di raccolta fondi da &#8220;1 Caff\u00e8 Onlus&#8221;, un&#8217;organizzazione senza scopo di lucro che supporta progetti di assistenza a molte situazioni critiche, in Italia e nel mondo. Nella settimana dal 7 agosto 2023 il nostro progetto per l&#8217;alfabetizzazione, promossa dalla missione dell&#8217;Ilanivato in [&hellip;]\" \/>\n<meta property=\"og:url\" content=\"https:\/\/www.fondazionecarmelitane.it\/?p=1580\" \/>\n<meta property=\"article:publisher\" content=\"https:\/\/www.facebook.com\/profile.php?id=100066398982492\" \/>\n<meta property=\"article:published_time\" content=\"2023-07-29T10:15:25+00:00\" \/>\n<meta property=\"article:modified_time\" content=\"2023-07-29T10:38:20+00:00\" \/>\n<meta property=\"og:image\" content=\"http:\/\/www.fondazionecarmelitane.it\/wp-content\/uploads\/2023\/07\/Screenshot_20230729-121327_Drive.jpg\" \/>\n\t<meta property=\"og:image:width\" content=\"999\" \/>\n\t<meta property=\"og:image:height\" content=\"656\" \/>\n\t<meta property=\"og:image:type\" content=\"image\/jpeg\" \/>\n<meta name=\"author\" content=\"admin\" \/>\n<meta name=\"twitter:card\" content=\"summary_large_image\" \/>\n<meta name=\"twitter:label1\" content=\"Scritto da\" \/>\n\t<meta name=\"twitter:data1\" content=\"admin\" \/>\n\t<meta name=\"twitter:label2\" content=\"Tempo di lettura stimato\" \/>\n\t<meta name=\"twitter:data2\" content=\"3 minuti\" \/>\n<script type=\"application\/ld+json\" class=\"yoast-schema-graph\">{\"@context\":\"https:\/\/schema.org\",\"@graph\":[{\"@type\":\"Article\",\"@id\":\"https:\/\/www.fondazionecarmelitane.it\/?p=1580#article\",\"isPartOf\":{\"@id\":\"https:\/\/www.fondazionecarmelitane.it\/?p=1580\"},\"author\":{\"name\":\"admin\",\"@id\":\"https:\/\/www.fondazionecarmelitane.it\/#\/schema\/person\/ac0bed45211bea208941b2a814ba536d\"},\"headline\":\"1 Caff\u00e8 per le Missioni\",\"datePublished\":\"2023-07-29T10:15:25+00:00\",\"dateModified\":\"2023-07-29T10:38:20+00:00\",\"mainEntityOfPage\":{\"@id\":\"https:\/\/www.fondazionecarmelitane.it\/?p=1580\"},\"wordCount\":207,\"publisher\":{\"@id\":\"https:\/\/www.fondazionecarmelitane.it\/#organization\"},\"image\":{\"@id\":\"https:\/\/www.fondazionecarmelitane.it\/?p=1580#primaryimage\"},\"thumbnailUrl\":\"https:\/\/www.fondazionecarmelitane.it\/wp-content\/uploads\/2023\/07\/Screenshot_20230729-121327_Drive.jpg\",\"keywords\":[\"Aiuto\",\"Caff\u00e8\",\"Madagascar\",\"missioni\"],\"articleSection\":[\"Fondazione\",\"Notizie\"],\"inLanguage\":\"it-IT\"},{\"@type\":\"WebPage\",\"@id\":\"https:\/\/www.fondazionecarmelitane.it\/?p=1580\",\"url\":\"https:\/\/www.fondazionecarmelitane.it\/?p=1580\",\"name\":\"1 Caff\u00e8 per le Missioni -\",\"isPartOf\":{\"@id\":\"https:\/\/www.fondazionecarmelitane.it\/#website\"},\"primaryImageOfPage\":{\"@id\":\"https:\/\/www.fondazionecarmelitane.it\/?p=1580#primaryimage\"},\"image\":{\"@id\":\"https:\/\/www.fondazionecarmelitane.it\/?p=1580#primaryimage\"},\"thumbnailUrl\":\"https:\/\/www.fondazionecarmelitane.it\/wp-content\/uploads\/2023\/07\/Screenshot_20230729-121327_Drive.jpg\",\"datePublished\":\"2023-07-29T10:15:25+00:00\",\"dateModified\":\"2023-07-29T10:38:20+00:00\",\"breadcrumb\":{\"@id\":\"https:\/\/www.fondazionecarmelitane.it\/?p=1580#breadcrumb\"},\"inLanguage\":\"it-IT\",\"potentialAction\":[{\"@type\":\"ReadAction\",\"target\":[\"https:\/\/www.fondazionecarmelitane.it\/?p=1580\"]}]},{\"@type\":\"ImageObject\",\"inLanguage\":\"it-IT\",\"@id\":\"https:\/\/www.fondazionecarmelitane.it\/?p=1580#primaryimage\",\"url\":\"https:\/\/www.fondazionecarmelitane.it\/wp-content\/uploads\/2023\/07\/Screenshot_20230729-121327_Drive.jpg\",\"contentUrl\":\"https:\/\/www.fondazionecarmelitane.it\/wp-content\/uploads\/2023\/07\/Screenshot_20230729-121327_Drive.jpg\",\"width\":999,\"height\":656},{\"@type\":\"BreadcrumbList\",\"@id\":\"https:\/\/www.fondazionecarmelitane.it\/?p=1580#breadcrumb\",\"itemListElement\":[{\"@type\":\"ListItem\",\"position\":1,\"name\":\"Home\",\"item\":\"https:\/\/www.fondazionecarmelitane.it\/\"},{\"@type\":\"ListItem\",\"position\":2,\"name\":\"1 Caff\u00e8 per le Missioni\"}]},{\"@type\":\"WebSite\",\"@id\":\"https:\/\/www.fondazionecarmelitane.it\/#website\",\"url\":\"https:\/\/www.fondazionecarmelitane.it\/\",\"name\":\"Fondazione Missioni onlus\",\"description\":\"\",\"publisher\":{\"@id\":\"https:\/\/www.fondazionecarmelitane.it\/#organization\"},\"potentialAction\":[{\"@type\":\"SearchAction\",\"target\":{\"@type\":\"EntryPoint\",\"urlTemplate\":\"https:\/\/www.fondazionecarmelitane.it\/?s={search_term_string}\"},\"query-input\":{\"@type\":\"PropertyValueSpecification\",\"valueRequired\":true,\"valueName\":\"search_term_string\"}}],\"inLanguage\":\"it-IT\"},{\"@type\":\"Organization\",\"@id\":\"https:\/\/www.fondazionecarmelitane.it\/#organization\",\"name\":\"Carmelitane di S. Teresa di Torino organizzazione religiosa\",\"url\":\"https:\/\/www.fondazionecarmelitane.it\/\",\"logo\":{\"@type\":\"ImageObject\",\"inLanguage\":\"it-IT\",\"@id\":\"https:\/\/www.fondazionecarmelitane.it\/#\/schema\/logo\/image\/\",\"url\":\"https:\/\/www.fondazionecarmelitane.it\/wp-content\/uploads\/2022\/06\/cropped-FB_IMG_1635600635774.jpg\",\"contentUrl\":\"https:\/\/www.fondazionecarmelitane.it\/wp-content\/uploads\/2022\/06\/cropped-FB_IMG_1635600635774.jpg\",\"width\":103,\"height\":103,\"caption\":\"Carmelitane di S. Teresa di Torino organizzazione religiosa\"},\"image\":{\"@id\":\"https:\/\/www.fondazionecarmelitane.it\/#\/schema\/logo\/image\/\"},\"sameAs\":[\"https:\/\/www.facebook.com\/profile.php?id=100066398982492\",\"https:\/\/www.instagram.com\/missioni.carmelitane.di.torino\/\"]},{\"@type\":\"Person\",\"@id\":\"https:\/\/www.fondazionecarmelitane.it\/#\/schema\/person\/ac0bed45211bea208941b2a814ba536d\",\"name\":\"admin\",\"image\":{\"@type\":\"ImageObject\",\"inLanguage\":\"it-IT\",\"@id\":\"https:\/\/secure.gravatar.com\/avatar\/7b1b346f4bf19eab45088922bde9577b1e8e34db3e537db755d3c0d97d42213d?s=96&d=mm&r=g\",\"url\":\"https:\/\/secure.gravatar.com\/avatar\/7b1b346f4bf19eab45088922bde9577b1e8e34db3e537db755d3c0d97d42213d?s=96&d=mm&r=g\",\"contentUrl\":\"https:\/\/secure.gravatar.com\/avatar\/7b1b346f4bf19eab45088922bde9577b1e8e34db3e537db755d3c0d97d42213d?s=96&d=mm&r=g\",\"caption\":\"admin\"},\"sameAs\":[\"http:\/\/www.fondazionecarmelitane.it\"],\"url\":\"https:\/\/www.fondazionecarmelitane.it\/?author=1\"}]}<\/script>\n<!-- \/ Yoast SEO plugin. -->","yoast_head_json":{"title":"1 Caff\u00e8 per le Missioni -","robots":{"index":"index","follow":"follow","max-snippet":"max-snippet:-1","max-image-preview":"max-image-preview:large","max-video-preview":"max-video-preview:-1"},"canonical":"https:\/\/www.fondazionecarmelitane.it\/?p=1580","og_locale":"it_IT","og_type":"article","og_title":"1 Caff\u00e8 per le Missioni -","og_description":"Cari benefattori,Siamo felici di informarvi che siamo stati scelti per una delle campagne di raccolta fondi da &#8220;1 Caff\u00e8 Onlus&#8221;, un&#8217;organizzazione senza scopo di lucro che supporta progetti di assistenza a molte situazioni critiche, in Italia e nel mondo. Nella settimana dal 7 agosto 2023 il nostro progetto per l&#8217;alfabetizzazione, promossa dalla missione dell&#8217;Ilanivato in [&hellip;]","og_url":"https:\/\/www.fondazionecarmelitane.it\/?p=1580","article_publisher":"https:\/\/www.facebook.com\/profile.php?id=100066398982492","article_published_time":"2023-07-29T10:15:25+00:00","article_modified_time":"2023-07-29T10:38:20+00:00","og_image":[{"width":999,"height":656,"url":"http:\/\/www.fondazionecarmelitane.it\/wp-content\/uploads\/2023\/07\/Screenshot_20230729-121327_Drive.jpg","type":"image\/jpeg"}],"author":"admin","twitter_card":"summary_large_image","twitter_misc":{"Scritto da":"admin","Tempo di lettura stimato":"3 minuti"},"schema":{"@context":"https:\/\/schema.org","@graph":[{"@type":"Article","@id":"https:\/\/www.fondazionecarmelitane.it\/?p=1580#article","isPartOf":{"@id":"https:\/\/www.fondazionecarmelitane.it\/?p=1580"},"author":{"name":"admin","@id":"https:\/\/www.fondazionecarmelitane.it\/#\/schema\/person\/ac0bed45211bea208941b2a814ba536d"},"headline":"1 Caff\u00e8 per le Missioni","datePublished":"2023-07-29T10:15:25+00:00","dateModified":"2023-07-29T10:38:20+00:00","mainEntityOfPage":{"@id":"https:\/\/www.fondazionecarmelitane.it\/?p=1580"},"wordCount":207,"publisher":{"@id":"https:\/\/www.fondazionecarmelitane.it\/#organization"},"image":{"@id":"https:\/\/www.fondazionecarmelitane.it\/?p=1580#primaryimage"},"thumbnailUrl":"https:\/\/www.fondazionecarmelitane.it\/wp-content\/uploads\/2023\/07\/Screenshot_20230729-121327_Drive.jpg","keywords":["Aiuto","Caff\u00e8","Madagascar","missioni"],"articleSection":["Fondazione","Notizie"],"inLanguage":"it-IT"},{"@type":"WebPage","@id":"https:\/\/www.fondazionecarmelitane.it\/?p=1580","url":"https:\/\/www.fondazionecarmelitane.it\/?p=1580","name":"1 Caff\u00e8 per le Missioni -","isPartOf":{"@id":"https:\/\/www.fondazionecarmelitane.it\/#website"},"primaryImageOfPage":{"@id":"https:\/\/www.fondazionecarmelitane.it\/?p=1580#primaryimage"},"image":{"@id":"https:\/\/www.fondazionecarmelitane.it\/?p=1580#primaryimage"},"thumbnailUrl":"https:\/\/www.fondazionecarmelitane.it\/wp-content\/uploads\/2023\/07\/Screenshot_20230729-121327_Drive.jpg","datePublished":"2023-07-29T10:15:25+00:00","dateModified":"2023-07-29T10:38:20+00:00","breadcrumb":{"@id":"https:\/\/www.fondazionecarmelitane.it\/?p=1580#breadcrumb"},"inLanguage":"it-IT","potentialAction":[{"@type":"ReadAction","target":["https:\/\/www.fondazionecarmelitane.it\/?p=1580"]}]},{"@type":"ImageObject","inLanguage":"it-IT","@id":"https:\/\/www.fondazionecarmelitane.it\/?p=1580#primaryimage","url":"https:\/\/www.fondazionecarmelitane.it\/wp-content\/uploads\/2023\/07\/Screenshot_20230729-121327_Drive.jpg","contentUrl":"https:\/\/www.fondazionecarmelitane.it\/wp-content\/uploads\/2023\/07\/Screenshot_20230729-121327_Drive.jpg","width":999,"height":656},{"@type":"BreadcrumbList","@id":"https:\/\/www.fondazionecarmelitane.it\/?p=1580#breadcrumb","itemListElement":[{"@type":"ListItem","position":1,"name":"Home","item":"https:\/\/www.fondazionecarmelitane.it\/"},{"@type":"ListItem","position":2,"name":"1 Caff\u00e8 per le Missioni"}]},{"@type":"WebSite","@id":"https:\/\/www.fondazionecarmelitane.it\/#website","url":"https:\/\/www.fondazionecarmelitane.it\/","name":"Fondazione Missioni onlus","description":"","publisher":{"@id":"https:\/\/www.fondazionecarmelitane.it\/#organization"},"potentialAction":[{"@type":"SearchAction","target":{"@type":"EntryPoint","urlTemplate":"https:\/\/www.fondazionecarmelitane.it\/?s={search_term_string}"},"query-input":{"@type":"PropertyValueSpecification","valueRequired":true,"valueName":"search_term_string"}}],"inLanguage":"it-IT"},{"@type":"Organization","@id":"https:\/\/www.fondazionecarmelitane.it\/#organization","name":"Carmelitane di S. Teresa di Torino organizzazione religiosa","url":"https:\/\/www.fondazionecarmelitane.it\/","logo":{"@type":"ImageObject","inLanguage":"it-IT","@id":"https:\/\/www.fondazionecarmelitane.it\/#\/schema\/logo\/image\/","url":"https:\/\/www.fondazionecarmelitane.it\/wp-content\/uploads\/2022\/06\/cropped-FB_IMG_1635600635774.jpg","contentUrl":"https:\/\/www.fondazionecarmelitane.it\/wp-content\/uploads\/2022\/06\/cropped-FB_IMG_1635600635774.jpg","width":103,"height":103,"caption":"Carmelitane di S. Teresa di Torino organizzazione religiosa"},"image":{"@id":"https:\/\/www.fondazionecarmelitane.it\/#\/schema\/logo\/image\/"},"sameAs":["https:\/\/www.facebook.com\/profile.php?id=100066398982492","https:\/\/www.instagram.com\/missioni.carmelitane.di.torino\/"]},{"@type":"Person","@id":"https:\/\/www.fondazionecarmelitane.it\/#\/schema\/person\/ac0bed45211bea208941b2a814ba536d","name":"admin","image":{"@type":"ImageObject","inLanguage":"it-IT","@id":"https:\/\/secure.gravatar.com\/avatar\/7b1b346f4bf19eab45088922bde9577b1e8e34db3e537db755d3c0d97d42213d?s=96&d=mm&r=g","url":"https:\/\/secure.gravatar.com\/avatar\/7b1b346f4bf19eab45088922bde9577b1e8e34db3e537db755d3c0d97d42213d?s=96&d=mm&r=g","contentUrl":"https:\/\/secure.gravatar.com\/avatar\/7b1b346f4bf19eab45088922bde9577b1e8e34db3e537db755d3c0d97d42213d?s=96&d=mm&r=g","caption":"admin"},"sameAs":["http:\/\/www.fondazionecarmelitane.it"],"url":"https:\/\/www.fondazionecarmelitane.it\/?author=1"}]}},"_links":{"self":[{"href":"https:\/\/www.fondazionecarmelitane.it\/index.php?rest_route=\/wp\/v2\/posts\/1580","targetHints":{"allow":["GET"]}}],"collection":[{"href":"https:\/\/www.fondazionecarmelitane.it\/index.php?rest_route=\/wp\/v2\/posts"}],"about":[{"href":"https:\/\/www.fondazionecarmelitane.it\/index.php?rest_route=\/wp\/v2\/types\/post"}],"author":[{"embeddable":true,"href":"https:\/\/www.fondazionecarmelitane.it\/index.php?rest_route=\/wp\/v2\/users\/1"}],"replies":[{"embeddable":true,"href":"https:\/\/www.fondazionecarmelitane.it\/index.php?rest_route=%2Fwp%2Fv2%2Fcomments&post=1580"}],"version-history":[{"count":4,"href":"https:\/\/www.fondazionecarmelitane.it\/index.php?rest_route=\/wp\/v2\/posts\/1580\/revisions"}],"predecessor-version":[{"id":1603,"href":"https:\/\/www.fondazionecarmelitane.it\/index.php?rest_route=\/wp\/v2\/posts\/1580\/revisions\/1603"}],"wp:featuredmedia":[{"embeddable":true,"href":"https:\/\/www.fondazionecarmelitane.it\/index.php?rest_route=\/wp\/v2\/media\/1582"}],"wp:attachment":[{"href":"https:\/\/www.fondazionecarmelitane.it\/index.php?rest_route=%2Fwp%2Fv2%2Fmedia&parent=1580"}],"wp:term":[{"taxonomy":"category","embeddable":true,"href":"https:\/\/www.fondazionecarmelitane.it\/index.php?rest_route=%2Fwp%2Fv2%2Fcategories&post=1580"},{"taxonomy":"post_tag","embeddable":true,"href":"https:\/\/www.fondazionecarmelitane.it\/index.php?rest_route=%2Fwp%2Fv2%2Ftags&post=1580"}],"curies":[{"name":"wp","href":"https:\/\/api.w.org\/{rel}","templated":true}]}}